{"id":408,"date":"2024-03-13T11:59:07","date_gmt":"2024-03-13T09:59:07","guid":{"rendered":"https:\/\/www.biserica-fortificata-viscri.ro\/ro\/?p=408"},"modified":"2025-02-21T10:35:38","modified_gmt":"2025-02-21T08:35:38","slug":"eveniment-viitor-saptamana-haferland-2024","status":"publish","type":"post","link":"https:\/\/www.biserica-fortificata-viscri.ro\/en\/events\/upcoming-event-haferland-week-2024\/","title":{"rendered":"Haferland Week 2024"},"content":{"rendered":"<p><\/p>\n<h3><span style=\"color: #008080;\">Haferland Week 2024<\/span><\/h3>\n<h3><span style=\"color: #008080;\">August 8 &#8211;\u00a0 August 11<\/span><\/h3>\n<p>The Viscri culture day took place on the 11th of August between 17:00 and 19:00.<\/p>\n<p>The program was the following one:<\/p>\n<ul>\n<li><strong>Organ recital (Klaus Dieter Untch from Codlea) in the fortified church of Viscri <\/strong><\/li>\n<li><strong>Old pictures and cattle brands exhibition in front of the fortified church of Viscri, in the exhibition room on the right side<\/strong><\/li>\n<li><strong>The followings had been exhibited in the MET guest house (nr. 63): a traditional saxon household + the big and the small Viscri cattle brand, which was being used on animals and on sacks <\/strong><\/li>\n<li><strong>Art and music soir\u00e9e: piano concert by Johann Markel + &#8220;Viscri ARTS&#8221; exhibition. The Viscri choir will sing during the exhibition\u00a0 \u00a0 \u00a0 \u00a0 \u00a0 \u00a0 \u00a0 \u00a0 \u00a0 \u00a0 \u00a0 \u00a0 \u00a0 \u00a0 \u00a0 \u00a0 \u00a0 \u00a0 \u00a0 \u00a0 \u00a0 \u00a0 \u00a0 \u00a0 \u00a0 \u00a0 \u00a0 \u00a0 \u00a0 \u00a0 \u00a0 \u00a0 \u00a0 \u00a0 \u00a0 \u00a0 \u00a0 \u00a0 \u00a0 \u00a0 \u00a0 \u00a0 \u00a0 \u00a0 \u00a0 \u00a0 \u00a0 \u00a0 \u00a0 \u00a0 \u00a0<\/strong><\/li>\n<\/ul>\n<p>You can find more information about the Haferland Week here: <a style=\"background-color: #ffffff;\" href=\"https:\/\/haferland.ro\/en\/\">https:\/\/haferland.ro\/en\/<\/a><\/p>\n<p>We promise to keep you updated about the Haferland Week 2025! \ud83d\ude42<\/p>\n<p><strong>\u00a0 \u00a0 \u00a0 \u00a0<\/strong><\/p>","protected":false},"excerpt":{"rendered":"<p>Haferland Week 2024 August 8 &#8211;\u00a0 August 11 The Viscri culture day took place on the 11th of August between 17:00 and 19:00. The program was the following one: Organ recital (Klaus Dieter Untch from Codlea) in the fortified church of Viscri Old pictures and cattle brands exhibition in front&#8230;  <a class=\"excerpt-read-more\" href=\"https:\/\/www.biserica-fortificata-viscri.ro\/en\/events\/upcoming-event-haferland-week-2024\/\" title=\"Read Haferland Week 2024\">Read more &raquo;<\/a><\/p>\n","protected":false},"author":2,"featured_media":0,"comment_status":"closed","ping_status":"closed","sticky":false,"template":"","format":"standard","meta":{"footnotes":""},"categories":[5],"tags":[],"class_list":["post-408","post","type-post","status-publish","format-standard","hentry","category-evenimente"],"yoast_head":"<!-- This site is optimized with the Yoast SEO plugin v27.5 - https:\/\/yoast.com\/product\/yoast-seo-wordpress\/ -->\n<title>Haferland Week 2024 - Viscri Fortified Church<\/title>\n<meta name=\"robots\" content=\"index, follow, max-snippet:-1, max-image-preview:large, max-video-preview:-1\" \/>\n<link rel=\"canonical\" href=\"https:\/\/www.biserica-fortificata-viscri.ro\/en\/evenimente\/eveniment-viitor-saptamana-haferland-2024\/\" \/>\n<meta property=\"og:locale\" content=\"en_US\" \/>\n<meta property=\"og:type\" content=\"article\" \/>\n<meta property=\"og:title\" content=\"Haferland Week 2024 - Viscri Fortified Church\" \/>\n<meta property=\"og:description\" content=\"Haferland Week 2024 August 8 &#8211;\u00a0 August 11 The Viscri culture day took place on the 11th of August between 17:00 and 19:00. The program was the following one: Organ recital (Klaus Dieter Untch from Codlea) in the fortified church of Viscri Old pictures and cattle brands exhibition in front... Read more &raquo;\" \/>\n<meta property=\"og:url\" content=\"https:\/\/www.biserica-fortificata-viscri.ro\/en\/evenimente\/eveniment-viitor-saptamana-haferland-2024\/\" \/>\n<meta property=\"og:site_name\" content=\"Viscri Fortified Church\" \/>\n<meta property=\"article:published_time\" content=\"2024-03-13T09:59:07+00:00\" \/>\n<meta property=\"article:modified_time\" content=\"2025-02-21T08:35:38+00:00\" \/>\n<meta name=\"author\" content=\"biserica-viscri-editor\" \/>\n<meta name=\"twitter:card\" content=\"summary_large_image\" \/>\n<meta name=\"twitter:label1\" content=\"Written by\" \/>\n\t<meta name=\"twitter:data1\" content=\"biserica-viscri-editor\" \/>\n\t<meta name=\"twitter:label2\" content=\"Est. reading time\" \/>\n\t<meta name=\"twitter:data2\" content=\"1 minute\" \/>\n<script type=\"application\/ld+json\" class=\"yoast-schema-graph\">{\"@context\":\"https:\\\/\\\/schema.org\",\"@graph\":[{\"@type\":\"Article\",\"@id\":\"https:\\\/\\\/www.biserica-fortificata-viscri.ro\\\/ro\\\/evenimente\\\/eveniment-viitor-saptamana-haferland-2024\\\/#article\",\"isPartOf\":{\"@id\":\"https:\\\/\\\/www.biserica-fortificata-viscri.ro\\\/ro\\\/evenimente\\\/eveniment-viitor-saptamana-haferland-2024\\\/\"},\"author\":{\"name\":\"biserica-viscri-editor\",\"@id\":\"https:\\\/\\\/www.biserica-fortificata-viscri.ro\\\/de\\\/#\\\/schema\\\/person\\\/6219a2266b568465d430fbe36d316506\"},\"headline\":\"Haferland Week 2024\",\"datePublished\":\"2024-03-13T09:59:07+00:00\",\"dateModified\":\"2025-02-21T08:35:38+00:00\",\"mainEntityOfPage\":{\"@id\":\"https:\\\/\\\/www.biserica-fortificata-viscri.ro\\\/ro\\\/evenimente\\\/eveniment-viitor-saptamana-haferland-2024\\\/\"},\"wordCount\":582,\"articleSection\":[\"events\"],\"inLanguage\":\"en-UK\"},{\"@type\":\"WebPage\",\"@id\":\"https:\\\/\\\/www.biserica-fortificata-viscri.ro\\\/en\\\/evenimente\\\/eveniment-viitor-saptamana-haferland-2024\\\/\",\"url\":\"https:\\\/\\\/www.biserica-fortificata-viscri.ro\\\/en\\\/evenimente\\\/eveniment-viitor-saptamana-haferland-2024\\\/\",\"name\":\"Haferland Week 2024 - Viscri Fortified Church\",\"isPartOf\":{\"@id\":\"https:\\\/\\\/www.biserica-fortificata-viscri.ro\\\/en\\\/#website\"},\"datePublished\":\"2024-03-13T09:59:07+00:00\",\"dateModified\":\"2025-02-21T08:35:38+00:00\",\"author\":{\"@id\":\"https:\\\/\\\/www.biserica-fortificata-viscri.ro\\\/de\\\/#\\\/schema\\\/person\\\/6219a2266b568465d430fbe36d316506\"},\"breadcrumb\":{\"@id\":\"https:\\\/\\\/www.biserica-fortificata-viscri.ro\\\/en\\\/evenimente\\\/eveniment-viitor-saptamana-haferland-2024\\\/#breadcrumb\"},\"inLanguage\":\"en-UK\",\"potentialAction\":[{\"@type\":\"ReadAction\",\"target\":[[\"https:\\\/\\\/www.biserica-fortificata-viscri.ro\\\/en\\\/evenimente\\\/eveniment-viitor-saptamana-haferland-2024\\\/\"]]}]},{\"@type\":\"BreadcrumbList\",\"@id\":\"https:\\\/\\\/www.biserica-fortificata-viscri.ro\\\/en\\\/evenimente\\\/eveniment-viitor-saptamana-haferland-2024\\\/#breadcrumb\",\"itemListElement\":[{\"@type\":\"ListItem\",\"position\":1,\"name\":\"Home\",\"item\":\"https:\\\/\\\/www.biserica-fortificata-viscri.ro\\\/en\\\/\"},{\"@type\":\"ListItem\",\"position\":2,\"name\":\"S\u0103pt\u0103m\u00e2na Haferland 2024\"}]},{\"@type\":\"WebSite\",\"@id\":\"https:\\\/\\\/www.biserica-fortificata-viscri.ro\\\/en\\\/#website\",\"url\":\"https:\\\/\\\/www.biserica-fortificata-viscri.ro\\\/en\\\/\",\"name\":\"Viscri Fortified Church\",\"description\":\"Official website of the Viscri Fortified Church, The Evangelical Church A. C. Romania\",\"potentialAction\":[{\"@type\":\"SearchAction\",\"target\":{\"@type\":\"EntryPoint\",\"urlTemplate\":\"https:\\\/\\\/www.biserica-fortificata-viscri.ro\\\/en\\\/?s={search_term_string}\"},\"query-input\":{\"@type\":\"PropertyValueSpecification\",\"valueRequired\":true,\"valueName\":\"search_term_string\"}}],\"inLanguage\":\"en-UK\"},{\"@type\":\"Person\",\"@id\":\"https:\\\/\\\/www.biserica-fortificata-viscri.ro\\\/de\\\/#\\\/schema\\\/person\\\/6219a2266b568465d430fbe36d316506\",\"name\":\"biserica-viscri-editor\",\"image\":{\"@type\":\"ImageObject\",\"inLanguage\":\"en-UK\",\"@id\":\"https:\\\/\\\/secure.gravatar.com\\\/avatar\\\/f49bae6faa8ec797b35ad4665775dfda3803e08eb71a7ee971e6b94740b08cec?s=96&d=mm&r=g\",\"url\":\"https:\\\/\\\/secure.gravatar.com\\\/avatar\\\/f49bae6faa8ec797b35ad4665775dfda3803e08eb71a7ee971e6b94740b08cec?s=96&d=mm&r=g\",\"contentUrl\":\"https:\\\/\\\/secure.gravatar.com\\\/avatar\\\/f49bae6faa8ec797b35ad4665775dfda3803e08eb71a7ee971e6b94740b08cec?s=96&d=mm&r=g\",\"caption\":\"biserica-viscri-editor\"},\"url\":\"https:\\\/\\\/www.biserica-fortificata-viscri.ro\\\/en\\\/author\\\/biserica-viscri-editor\\\/\"}]}<\/script>\n<!-- \/ Yoast SEO plugin. -->","yoast_head_json":{"title":"Haferland Week 2024 - Viscri Fortified Church","robots":{"index":"index","follow":"follow","max-snippet":"max-snippet:-1","max-image-preview":"max-image-preview:large","max-video-preview":"max-video-preview:-1"},"canonical":"https:\/\/www.biserica-fortificata-viscri.ro\/en\/evenimente\/eveniment-viitor-saptamana-haferland-2024\/","og_locale":"en_US","og_type":"article","og_title":"Haferland Week 2024 - Viscri Fortified Church","og_description":"Haferland Week 2024 August 8 &#8211;\u00a0 August 11 The Viscri culture day took place on the 11th of August between 17:00 and 19:00. The program was the following one: Organ recital (Klaus Dieter Untch from Codlea) in the fortified church of Viscri Old pictures and cattle brands exhibition in front... Read more &raquo;","og_url":"https:\/\/www.biserica-fortificata-viscri.ro\/en\/evenimente\/eveniment-viitor-saptamana-haferland-2024\/","og_site_name":"Viscri Fortified Church","article_published_time":"2024-03-13T09:59:07+00:00","article_modified_time":"2025-02-21T08:35:38+00:00","author":"biserica-viscri-editor","twitter_card":"summary_large_image","twitter_misc":{"Written by":"biserica-viscri-editor","Est. reading time":"1 minute"},"schema":{"@context":"https:\/\/schema.org","@graph":[{"@type":"Article","@id":"https:\/\/www.biserica-fortificata-viscri.ro\/ro\/evenimente\/eveniment-viitor-saptamana-haferland-2024\/#article","isPartOf":{"@id":"https:\/\/www.biserica-fortificata-viscri.ro\/ro\/evenimente\/eveniment-viitor-saptamana-haferland-2024\/"},"author":{"name":"biserica-viscri-editor","@id":"https:\/\/www.biserica-fortificata-viscri.ro\/de\/#\/schema\/person\/6219a2266b568465d430fbe36d316506"},"headline":"Haferland Week 2024","datePublished":"2024-03-13T09:59:07+00:00","dateModified":"2025-02-21T08:35:38+00:00","mainEntityOfPage":{"@id":"https:\/\/www.biserica-fortificata-viscri.ro\/ro\/evenimente\/eveniment-viitor-saptamana-haferland-2024\/"},"wordCount":582,"articleSection":["events"],"inLanguage":"en-UK"},{"@type":"WebPage","@id":"https:\/\/www.biserica-fortificata-viscri.ro\/en\/evenimente\/eveniment-viitor-saptamana-haferland-2024\/","url":"https:\/\/www.biserica-fortificata-viscri.ro\/en\/evenimente\/eveniment-viitor-saptamana-haferland-2024\/","name":"Haferland Week 2024 - Viscri Fortified Church","isPartOf":{"@id":"https:\/\/www.biserica-fortificata-viscri.ro\/en\/#website"},"datePublished":"2024-03-13T09:59:07+00:00","dateModified":"2025-02-21T08:35:38+00:00","author":{"@id":"https:\/\/www.biserica-fortificata-viscri.ro\/de\/#\/schema\/person\/6219a2266b568465d430fbe36d316506"},"breadcrumb":{"@id":"https:\/\/www.biserica-fortificata-viscri.ro\/en\/evenimente\/eveniment-viitor-saptamana-haferland-2024\/#breadcrumb"},"inLanguage":"en-UK","potentialAction":[{"@type":"ReadAction","target":[["https:\/\/www.biserica-fortificata-viscri.ro\/en\/evenimente\/eveniment-viitor-saptamana-haferland-2024\/"]]}]},{"@type":"BreadcrumbList","@id":"https:\/\/www.biserica-fortificata-viscri.ro\/en\/evenimente\/eveniment-viitor-saptamana-haferland-2024\/#breadcrumb","itemListElement":[{"@type":"ListItem","position":1,"name":"Home","item":"https:\/\/www.biserica-fortificata-viscri.ro\/en\/"},{"@type":"ListItem","position":2,"name":"S\u0103pt\u0103m\u00e2na Haferland 2024"}]},{"@type":"WebSite","@id":"https:\/\/www.biserica-fortificata-viscri.ro\/en\/#website","url":"https:\/\/www.biserica-fortificata-viscri.ro\/en\/","name":"Viscri Fortified Church","description":"Official website of the Viscri Fortified Church, The Evangelical Church A. C. Romania","potentialAction":[{"@type":"SearchAction","target":{"@type":"EntryPoint","urlTemplate":"https:\/\/www.biserica-fortificata-viscri.ro\/en\/?s={search_term_string}"},"query-input":{"@type":"PropertyValueSpecification","valueRequired":true,"valueName":"search_term_string"}}],"inLanguage":"en-UK"},{"@type":"Person","@id":"https:\/\/www.biserica-fortificata-viscri.ro\/de\/#\/schema\/person\/6219a2266b568465d430fbe36d316506","name":"biserica-viscri-editor","image":{"@type":"ImageObject","inLanguage":"en-UK","@id":"https:\/\/secure.gravatar.com\/avatar\/f49bae6faa8ec797b35ad4665775dfda3803e08eb71a7ee971e6b94740b08cec?s=96&d=mm&r=g","url":"https:\/\/secure.gravatar.com\/avatar\/f49bae6faa8ec797b35ad4665775dfda3803e08eb71a7ee971e6b94740b08cec?s=96&d=mm&r=g","contentUrl":"https:\/\/secure.gravatar.com\/avatar\/f49bae6faa8ec797b35ad4665775dfda3803e08eb71a7ee971e6b94740b08cec?s=96&d=mm&r=g","caption":"biserica-viscri-editor"},"url":"https:\/\/www.biserica-fortificata-viscri.ro\/en\/author\/biserica-viscri-editor\/"}]}},"_links":{"self":[{"href":"https:\/\/www.biserica-fortificata-viscri.ro\/en\/wp-json\/wp\/v2\/posts\/408","targetHints":{"allow":["GET"]}}],"collection":[{"href":"https:\/\/www.biserica-fortificata-viscri.ro\/en\/wp-json\/wp\/v2\/posts"}],"about":[{"href":"https:\/\/www.biserica-fortificata-viscri.ro\/en\/wp-json\/wp\/v2\/types\/post"}],"author":[{"embeddable":true,"href":"https:\/\/www.biserica-fortificata-viscri.ro\/en\/wp-json\/wp\/v2\/users\/2"}],"replies":[{"embeddable":true,"href":"https:\/\/www.biserica-fortificata-viscri.ro\/en\/wp-json\/wp\/v2\/comments?post=408"}],"version-history":[{"count":35,"href":"https:\/\/www.biserica-fortificata-viscri.ro\/en\/wp-json\/wp\/v2\/posts\/408\/revisions"}],"predecessor-version":[{"id":555,"href":"https:\/\/www.biserica-fortificata-viscri.ro\/en\/wp-json\/wp\/v2\/posts\/408\/revisions\/555"}],"wp:attachment":[{"href":"https:\/\/www.biserica-fortificata-viscri.ro\/en\/wp-json\/wp\/v2\/media?parent=408"}],"wp:term":[{"taxonomy":"category","embeddable":true,"href":"https:\/\/www.biserica-fortificata-viscri.ro\/en\/wp-json\/wp\/v2\/categories?post=408"},{"taxonomy":"post_tag","embeddable":true,"href":"https:\/\/www.biserica-fortificata-viscri.ro\/en\/wp-json\/wp\/v2\/tags?post=408"}],"curies":[{"name":"wp","href":"https:\/\/api.w.org\/{rel}","templated":true}]}}