{"id":601,"date":"2024-12-13T13:58:49","date_gmt":"2024-12-13T11:58:49","guid":{"rendered":"https:\/\/www.biserica-fortificata-viscri.ro\/ro\/?p=601"},"modified":"2025-02-21T10:34:52","modified_gmt":"2025-02-21T08:34:52","slug":"concert-de-craciun-alaturi-de-corul-canta-viscri","status":"publish","type":"post","link":"https:\/\/www.biserica-fortificata-viscri.ro\/fr\/evenements\/ro-concert-de-craciun-alaturi-de-corul-canta-viscri\/","title":{"rendered":"(de) Weihnachtskonzert mit dem Chor \u00ab\u00a0Canta Viscri\u00a0\u00bb"},"content":{"rendered":"<p class=\"qtranxs-available-languages-message qtranxs-available-languages-message-fr\">D\u00e9sol\u00e9, cet article est seulement disponible en <a href=\"https:\/\/www.biserica-fortificata-viscri.ro\/de\/wp-json\/wp\/v2\/posts\/601\" class=\"qtranxs-available-language-link qtranxs-available-language-link-de\" title=\"de\">de<\/a> et <a href=\"https:\/\/www.biserica-fortificata-viscri.ro\/ro\/wp-json\/wp\/v2\/posts\/601\" class=\"qtranxs-available-language-link qtranxs-available-language-link-ro\" title=\"ro\">ro<\/a>.<\/p>","protected":false},"excerpt":{"rendered":"<p>D\u00e9sol\u00e9, cet article est seulement disponible en de et ro.<\/p>\n","protected":false},"author":2,"featured_media":0,"comment_status":"closed","ping_status":"closed","sticky":false,"template":"","format":"standard","meta":{"footnotes":""},"categories":[5],"tags":[],"class_list":["post-601","post","type-post","status-publish","format-standard","hentry","category-evenimente"],"yoast_head":"<!-- This site is optimized with the Yoast SEO plugin v27.3 - https:\/\/yoast.com\/product\/yoast-seo-wordpress\/ -->\n<title>(de) Weihnachtskonzert mit dem Chor &quot;Canta Viscri&quot; - \u00c9glise fortifi\u00e9e de Viscri<\/title>\n<meta name=\"robots\" content=\"index, follow, max-snippet:-1, max-image-preview:large, max-video-preview:-1\" \/>\n<link rel=\"canonical\" href=\"https:\/\/www.biserica-fortificata-viscri.ro\/fr\/evenimente\/concert-de-craciun-alaturi-de-corul-canta-viscri\/\" \/>\n<meta property=\"og:locale\" content=\"fr_FR\" \/>\n<meta property=\"og:type\" content=\"article\" \/>\n<meta property=\"og:title\" content=\"(de) Weihnachtskonzert mit dem Chor &quot;Canta Viscri&quot; - \u00c9glise fortifi\u00e9e de Viscri\" \/>\n<meta property=\"og:description\" content=\"D\u00e9sol\u00e9, cet article est seulement disponible en de et ro.\" \/>\n<meta property=\"og:url\" content=\"https:\/\/www.biserica-fortificata-viscri.ro\/fr\/evenimente\/concert-de-craciun-alaturi-de-corul-canta-viscri\/\" \/>\n<meta property=\"og:site_name\" content=\"\u00c9glise fortifi\u00e9e de Viscri\" \/>\n<meta property=\"article:published_time\" content=\"2024-12-13T11:58:49+00:00\" \/>\n<meta property=\"article:modified_time\" content=\"2025-02-21T08:34:52+00:00\" \/>\n<meta property=\"og:image\" content=\"https:\/\/www.biserica-fortificata-viscri.ro\/wp-content\/uploads\/2024\/12\/WhatsApp-Bild-2024-12-13-um-13.31.36_eac2b34e.jpg\" \/>\n\t<meta property=\"og:image:width\" content=\"842\" \/>\n\t<meta property=\"og:image:height\" content=\"1128\" \/>\n\t<meta property=\"og:image:type\" content=\"image\/jpeg\" \/>\n<meta name=\"author\" content=\"biserica-viscri-editor\" \/>\n<meta name=\"twitter:card\" content=\"summary_large_image\" \/>\n<meta name=\"twitter:label1\" content=\"\u00c9crit par\" \/>\n\t<meta name=\"twitter:data1\" content=\"biserica-viscri-editor\" \/>\n\t<meta name=\"twitter:label2\" content=\"Dur\u00e9e de lecture estim\u00e9e\" \/>\n\t<meta name=\"twitter:data2\" content=\"1 minute\" \/>\n<script type=\"application\/ld+json\" class=\"yoast-schema-graph\">{\"@context\":\"https:\\\/\\\/schema.org\",\"@graph\":[{\"@type\":\"Article\",\"@id\":\"https:\\\/\\\/www.biserica-fortificata-viscri.ro\\\/ro\\\/evenimente\\\/concert-de-craciun-alaturi-de-corul-canta-viscri\\\/#article\",\"isPartOf\":{\"@id\":\"https:\\\/\\\/www.biserica-fortificata-viscri.ro\\\/ro\\\/evenimente\\\/concert-de-craciun-alaturi-de-corul-canta-viscri\\\/\"},\"author\":{\"name\":\"biserica-viscri-editor\",\"@id\":\"https:\\\/\\\/www.biserica-fortificata-viscri.ro\\\/de\\\/#\\\/schema\\\/person\\\/6219a2266b568465d430fbe36d316506\"},\"headline\":\"(de) Weihnachtskonzert mit dem Chor \u00ab\u00a0Canta Viscri\u00a0\u00bb\",\"datePublished\":\"2024-12-13T11:58:49+00:00\",\"dateModified\":\"2025-02-21T08:34:52+00:00\",\"mainEntityOfPage\":{\"@id\":\"https:\\\/\\\/www.biserica-fortificata-viscri.ro\\\/ro\\\/evenimente\\\/concert-de-craciun-alaturi-de-corul-canta-viscri\\\/\"},\"wordCount\":32,\"image\":{\"@id\":\"https:\\\/\\\/www.biserica-fortificata-viscri.ro\\\/ro\\\/evenimente\\\/concert-de-craciun-alaturi-de-corul-canta-viscri\\\/#primaryimage\"},\"thumbnailUrl\":\"https:\\\/\\\/www.biserica-fortificata-viscri.ro\\\/wp-content\\\/uploads\\\/2024\\\/12\\\/WhatsApp-Bild-2024-12-13-um-13.31.36_eac2b34e-764x1024.jpg\",\"articleSection\":[\"\u00e9v\u00e9nements\"],\"inLanguage\":\"fr-FR\"},{\"@type\":\"WebPage\",\"@id\":\"https:\\\/\\\/www.biserica-fortificata-viscri.ro\\\/fr\\\/evenimente\\\/concert-de-craciun-alaturi-de-corul-canta-viscri\\\/\",\"url\":\"https:\\\/\\\/www.biserica-fortificata-viscri.ro\\\/fr\\\/evenimente\\\/concert-de-craciun-alaturi-de-corul-canta-viscri\\\/\",\"name\":\"(de) Weihnachtskonzert mit dem Chor \\\"Canta Viscri\\\" - \u00c9glise fortifi\u00e9e de Viscri\",\"isPartOf\":{\"@id\":\"https:\\\/\\\/www.biserica-fortificata-viscri.ro\\\/fr\\\/#website\"},\"primaryImageOfPage\":{\"@id\":\"https:\\\/\\\/www.biserica-fortificata-viscri.ro\\\/fr\\\/evenimente\\\/concert-de-craciun-alaturi-de-corul-canta-viscri\\\/#primaryimage\"},\"image\":{\"@id\":\"https:\\\/\\\/www.biserica-fortificata-viscri.ro\\\/ro\\\/evenimente\\\/concert-de-craciun-alaturi-de-corul-canta-viscri\\\/#primaryimage\"},\"thumbnailUrl\":\"https:\\\/\\\/www.biserica-fortificata-viscri.ro\\\/wp-content\\\/uploads\\\/2024\\\/12\\\/WhatsApp-Bild-2024-12-13-um-13.31.36_eac2b34e-764x1024.jpg\",\"datePublished\":\"2024-12-13T11:58:49+00:00\",\"dateModified\":\"2025-02-21T08:34:52+00:00\",\"author\":{\"@id\":\"https:\\\/\\\/www.biserica-fortificata-viscri.ro\\\/de\\\/#\\\/schema\\\/person\\\/6219a2266b568465d430fbe36d316506\"},\"breadcrumb\":{\"@id\":\"https:\\\/\\\/www.biserica-fortificata-viscri.ro\\\/fr\\\/evenimente\\\/concert-de-craciun-alaturi-de-corul-canta-viscri\\\/#breadcrumb\"},\"inLanguage\":\"fr-FR\",\"potentialAction\":[{\"@type\":\"ReadAction\",\"target\":[[\"https:\\\/\\\/www.biserica-fortificata-viscri.ro\\\/fr\\\/evenimente\\\/concert-de-craciun-alaturi-de-corul-canta-viscri\\\/\"]]}]},{\"@type\":\"ImageObject\",\"inLanguage\":\"fr-FR\",\"@id\":\"https:\\\/\\\/www.biserica-fortificata-viscri.ro\\\/fr\\\/evenimente\\\/concert-de-craciun-alaturi-de-corul-canta-viscri\\\/#primaryimage\",\"url\":\"https:\\\/\\\/www.biserica-fortificata-viscri.ro\\\/wp-content\\\/uploads\\\/2024\\\/12\\\/WhatsApp-Bild-2024-12-13-um-13.31.36_eac2b34e-764x1024.jpg\",\"contentUrl\":\"https:\\\/\\\/www.biserica-fortificata-viscri.ro\\\/wp-content\\\/uploads\\\/2024\\\/12\\\/WhatsApp-Bild-2024-12-13-um-13.31.36_eac2b34e-764x1024.jpg\"},{\"@type\":\"BreadcrumbList\",\"@id\":\"https:\\\/\\\/www.biserica-fortificata-viscri.ro\\\/fr\\\/evenimente\\\/concert-de-craciun-alaturi-de-corul-canta-viscri\\\/#breadcrumb\",\"itemListElement\":[{\"@type\":\"ListItem\",\"position\":1,\"name\":\"Home\",\"item\":\"https:\\\/\\\/www.biserica-fortificata-viscri.ro\\\/fr\\\/\"},{\"@type\":\"ListItem\",\"position\":2,\"name\":\"Concert de Cr\u0103ciun al\u0103turi de corul &#8222;Canta Viscri&#8221;\"}]},{\"@type\":\"WebSite\",\"@id\":\"https:\\\/\\\/www.biserica-fortificata-viscri.ro\\\/fr\\\/#website\",\"url\":\"https:\\\/\\\/www.biserica-fortificata-viscri.ro\\\/fr\\\/\",\"name\":\"\u00c9glise fortifi\u00e9e de Viscri\",\"description\":\"Site officiel de l&#039;\u00c9glise Fortifi\u00e9e de Viscri, \u00c9glise \u00c9vang\u00e9lique A. C. Roumanie\",\"potentialAction\":[{\"@type\":\"SearchAction\",\"target\":{\"@type\":\"EntryPoint\",\"urlTemplate\":\"https:\\\/\\\/www.biserica-fortificata-viscri.ro\\\/fr\\\/?s={search_term_string}\"},\"query-input\":{\"@type\":\"PropertyValueSpecification\",\"valueRequired\":true,\"valueName\":\"search_term_string\"}}],\"inLanguage\":\"fr-FR\"},{\"@type\":\"Person\",\"@id\":\"https:\\\/\\\/www.biserica-fortificata-viscri.ro\\\/de\\\/#\\\/schema\\\/person\\\/6219a2266b568465d430fbe36d316506\",\"name\":\"biserica-viscri-editor\",\"image\":{\"@type\":\"ImageObject\",\"inLanguage\":\"fr-FR\",\"@id\":\"https:\\\/\\\/secure.gravatar.com\\\/avatar\\\/f49bae6faa8ec797b35ad4665775dfda3803e08eb71a7ee971e6b94740b08cec?s=96&d=mm&r=g\",\"url\":\"https:\\\/\\\/secure.gravatar.com\\\/avatar\\\/f49bae6faa8ec797b35ad4665775dfda3803e08eb71a7ee971e6b94740b08cec?s=96&d=mm&r=g\",\"contentUrl\":\"https:\\\/\\\/secure.gravatar.com\\\/avatar\\\/f49bae6faa8ec797b35ad4665775dfda3803e08eb71a7ee971e6b94740b08cec?s=96&d=mm&r=g\",\"caption\":\"biserica-viscri-editor\"},\"url\":\"https:\\\/\\\/www.biserica-fortificata-viscri.ro\\\/fr\\\/author\\\/biserica-viscri-editor\\\/\"}]}<\/script>\n<!-- \/ Yoast SEO plugin. -->","yoast_head_json":{"title":"(de) Weihnachtskonzert mit dem Chor \"Canta Viscri\" - \u00c9glise fortifi\u00e9e de Viscri","robots":{"index":"index","follow":"follow","max-snippet":"max-snippet:-1","max-image-preview":"max-image-preview:large","max-video-preview":"max-video-preview:-1"},"canonical":"https:\/\/www.biserica-fortificata-viscri.ro\/fr\/evenimente\/concert-de-craciun-alaturi-de-corul-canta-viscri\/","og_locale":"fr_FR","og_type":"article","og_title":"(de) Weihnachtskonzert mit dem Chor \"Canta Viscri\" - \u00c9glise fortifi\u00e9e de Viscri","og_description":"D\u00e9sol\u00e9, cet article est seulement disponible en de et ro.","og_url":"https:\/\/www.biserica-fortificata-viscri.ro\/fr\/evenimente\/concert-de-craciun-alaturi-de-corul-canta-viscri\/","og_site_name":"\u00c9glise fortifi\u00e9e de Viscri","article_published_time":"2024-12-13T11:58:49+00:00","article_modified_time":"2025-02-21T08:34:52+00:00","og_image":[{"width":842,"height":1128,"url":"https:\/\/www.biserica-fortificata-viscri.ro\/wp-content\/uploads\/2024\/12\/WhatsApp-Bild-2024-12-13-um-13.31.36_eac2b34e.jpg","type":"image\/jpeg"}],"author":"biserica-viscri-editor","twitter_card":"summary_large_image","twitter_misc":{"\u00c9crit par":"biserica-viscri-editor","Dur\u00e9e de lecture estim\u00e9e":"1 minute"},"schema":{"@context":"https:\/\/schema.org","@graph":[{"@type":"Article","@id":"https:\/\/www.biserica-fortificata-viscri.ro\/ro\/evenimente\/concert-de-craciun-alaturi-de-corul-canta-viscri\/#article","isPartOf":{"@id":"https:\/\/www.biserica-fortificata-viscri.ro\/ro\/evenimente\/concert-de-craciun-alaturi-de-corul-canta-viscri\/"},"author":{"name":"biserica-viscri-editor","@id":"https:\/\/www.biserica-fortificata-viscri.ro\/de\/#\/schema\/person\/6219a2266b568465d430fbe36d316506"},"headline":"(de) Weihnachtskonzert mit dem Chor \u00ab\u00a0Canta Viscri\u00a0\u00bb","datePublished":"2024-12-13T11:58:49+00:00","dateModified":"2025-02-21T08:34:52+00:00","mainEntityOfPage":{"@id":"https:\/\/www.biserica-fortificata-viscri.ro\/ro\/evenimente\/concert-de-craciun-alaturi-de-corul-canta-viscri\/"},"wordCount":32,"image":{"@id":"https:\/\/www.biserica-fortificata-viscri.ro\/ro\/evenimente\/concert-de-craciun-alaturi-de-corul-canta-viscri\/#primaryimage"},"thumbnailUrl":"https:\/\/www.biserica-fortificata-viscri.ro\/wp-content\/uploads\/2024\/12\/WhatsApp-Bild-2024-12-13-um-13.31.36_eac2b34e-764x1024.jpg","articleSection":["\u00e9v\u00e9nements"],"inLanguage":"fr-FR"},{"@type":"WebPage","@id":"https:\/\/www.biserica-fortificata-viscri.ro\/fr\/evenimente\/concert-de-craciun-alaturi-de-corul-canta-viscri\/","url":"https:\/\/www.biserica-fortificata-viscri.ro\/fr\/evenimente\/concert-de-craciun-alaturi-de-corul-canta-viscri\/","name":"(de) Weihnachtskonzert mit dem Chor \"Canta Viscri\" - \u00c9glise fortifi\u00e9e de Viscri","isPartOf":{"@id":"https:\/\/www.biserica-fortificata-viscri.ro\/fr\/#website"},"primaryImageOfPage":{"@id":"https:\/\/www.biserica-fortificata-viscri.ro\/fr\/evenimente\/concert-de-craciun-alaturi-de-corul-canta-viscri\/#primaryimage"},"image":{"@id":"https:\/\/www.biserica-fortificata-viscri.ro\/ro\/evenimente\/concert-de-craciun-alaturi-de-corul-canta-viscri\/#primaryimage"},"thumbnailUrl":"https:\/\/www.biserica-fortificata-viscri.ro\/wp-content\/uploads\/2024\/12\/WhatsApp-Bild-2024-12-13-um-13.31.36_eac2b34e-764x1024.jpg","datePublished":"2024-12-13T11:58:49+00:00","dateModified":"2025-02-21T08:34:52+00:00","author":{"@id":"https:\/\/www.biserica-fortificata-viscri.ro\/de\/#\/schema\/person\/6219a2266b568465d430fbe36d316506"},"breadcrumb":{"@id":"https:\/\/www.biserica-fortificata-viscri.ro\/fr\/evenimente\/concert-de-craciun-alaturi-de-corul-canta-viscri\/#breadcrumb"},"inLanguage":"fr-FR","potentialAction":[{"@type":"ReadAction","target":[["https:\/\/www.biserica-fortificata-viscri.ro\/fr\/evenimente\/concert-de-craciun-alaturi-de-corul-canta-viscri\/"]]}]},{"@type":"ImageObject","inLanguage":"fr-FR","@id":"https:\/\/www.biserica-fortificata-viscri.ro\/fr\/evenimente\/concert-de-craciun-alaturi-de-corul-canta-viscri\/#primaryimage","url":"https:\/\/www.biserica-fortificata-viscri.ro\/wp-content\/uploads\/2024\/12\/WhatsApp-Bild-2024-12-13-um-13.31.36_eac2b34e-764x1024.jpg","contentUrl":"https:\/\/www.biserica-fortificata-viscri.ro\/wp-content\/uploads\/2024\/12\/WhatsApp-Bild-2024-12-13-um-13.31.36_eac2b34e-764x1024.jpg"},{"@type":"BreadcrumbList","@id":"https:\/\/www.biserica-fortificata-viscri.ro\/fr\/evenimente\/concert-de-craciun-alaturi-de-corul-canta-viscri\/#breadcrumb","itemListElement":[{"@type":"ListItem","position":1,"name":"Home","item":"https:\/\/www.biserica-fortificata-viscri.ro\/fr\/"},{"@type":"ListItem","position":2,"name":"Concert de Cr\u0103ciun al\u0103turi de corul &#8222;Canta Viscri&#8221;"}]},{"@type":"WebSite","@id":"https:\/\/www.biserica-fortificata-viscri.ro\/fr\/#website","url":"https:\/\/www.biserica-fortificata-viscri.ro\/fr\/","name":"\u00c9glise fortifi\u00e9e de Viscri","description":"Site officiel de l&#039;\u00c9glise Fortifi\u00e9e de Viscri, \u00c9glise \u00c9vang\u00e9lique A. C. Roumanie","potentialAction":[{"@type":"SearchAction","target":{"@type":"EntryPoint","urlTemplate":"https:\/\/www.biserica-fortificata-viscri.ro\/fr\/?s={search_term_string}"},"query-input":{"@type":"PropertyValueSpecification","valueRequired":true,"valueName":"search_term_string"}}],"inLanguage":"fr-FR"},{"@type":"Person","@id":"https:\/\/www.biserica-fortificata-viscri.ro\/de\/#\/schema\/person\/6219a2266b568465d430fbe36d316506","name":"biserica-viscri-editor","image":{"@type":"ImageObject","inLanguage":"fr-FR","@id":"https:\/\/secure.gravatar.com\/avatar\/f49bae6faa8ec797b35ad4665775dfda3803e08eb71a7ee971e6b94740b08cec?s=96&d=mm&r=g","url":"https:\/\/secure.gravatar.com\/avatar\/f49bae6faa8ec797b35ad4665775dfda3803e08eb71a7ee971e6b94740b08cec?s=96&d=mm&r=g","contentUrl":"https:\/\/secure.gravatar.com\/avatar\/f49bae6faa8ec797b35ad4665775dfda3803e08eb71a7ee971e6b94740b08cec?s=96&d=mm&r=g","caption":"biserica-viscri-editor"},"url":"https:\/\/www.biserica-fortificata-viscri.ro\/fr\/author\/biserica-viscri-editor\/"}]}},"_links":{"self":[{"href":"https:\/\/www.biserica-fortificata-viscri.ro\/fr\/wp-json\/wp\/v2\/posts\/601","targetHints":{"allow":["GET"]}}],"collection":[{"href":"https:\/\/www.biserica-fortificata-viscri.ro\/fr\/wp-json\/wp\/v2\/posts"}],"about":[{"href":"https:\/\/www.biserica-fortificata-viscri.ro\/fr\/wp-json\/wp\/v2\/types\/post"}],"author":[{"embeddable":true,"href":"https:\/\/www.biserica-fortificata-viscri.ro\/fr\/wp-json\/wp\/v2\/users\/2"}],"replies":[{"embeddable":true,"href":"https:\/\/www.biserica-fortificata-viscri.ro\/fr\/wp-json\/wp\/v2\/comments?post=601"}],"version-history":[{"count":2,"href":"https:\/\/www.biserica-fortificata-viscri.ro\/fr\/wp-json\/wp\/v2\/posts\/601\/revisions"}],"predecessor-version":[{"id":604,"href":"https:\/\/www.biserica-fortificata-viscri.ro\/fr\/wp-json\/wp\/v2\/posts\/601\/revisions\/604"}],"wp:attachment":[{"href":"https:\/\/www.biserica-fortificata-viscri.ro\/fr\/wp-json\/wp\/v2\/media?parent=601"}],"wp:term":[{"taxonomy":"category","embeddable":true,"href":"https:\/\/www.biserica-fortificata-viscri.ro\/fr\/wp-json\/wp\/v2\/categories?post=601"},{"taxonomy":"post_tag","embeddable":true,"href":"https:\/\/www.biserica-fortificata-viscri.ro\/fr\/wp-json\/wp\/v2\/tags?post=601"}],"curies":[{"name":"wp","href":"https:\/\/api.w.org\/{rel}","templated":true}]}}